{"id":3236,"date":"2017-12-29T18:19:31","date_gmt":"2017-12-29T17:19:31","guid":{"rendered":"http:\/\/vammencamping.dk\/?p=3236"},"modified":"2017-12-29T18:19:31","modified_gmt":"2017-12-29T17:19:31","slug":"vorbereitung-fuer-die-saison-2016","status":"publish","type":"post","link":"https:\/\/vammencamping.dk\/de\/vorbereitung-fuer-die-saison-2016\/","title":{"rendered":"Vorbereitung f\u00fcr die Saison 2016"},"content":{"rendered":"<p>Die Natur \u00fcberrascht uns. Dieses Fr\u00fchjahr haben wir Abends und Nachts mehrere hunderte sch\u00f6ne Schw\u00e4ne gehabt auf dem See direkt vor dem Campingplatz.<\/p>\n<p>Wir haben u.a. Unsere Information und Laden neu eingerichtet und antikke Lampen und Aquarelzeichnungen vom Campingplatz aufgeh\u00e4ngt.<\/p>\n<p>Wifi ist erweitert z.B. Bei der Sauna und im Pavillon.<br \/>\nJetzt k\u00f6nnt Ihr in einer ruhigen Ecke am Rande des Sees entspannen und ein Buch online lesen. Oder beim Feuer im Jugendpavillion sitzen und den richtigen Liedertext finden.<\/p>\n<p>Mit viel Liebe und F\u00fcrsorge haben wir das Terrain in Ordnung gebracht. Das Gebiet direkt am See ist jetzt noch sch\u00f6ner geworden und hat einen offenen Seeblick erhalten.<\/p>\n<p>Wir freuen uns unsere Fr\u00fchlings- und Sommerg\u00e4ste hier in Vammen zu begr\u00fc\u00dfen.<\/p>\n<p><a href=\"http:\/\/vammencamping.dk\/wp-content\/uploads\/2016\/04\/IMG_0447.jpg\"><img loading=\"lazy\" decoding=\"async\" src=\"http:\/\/vammencamping.dk\/wp-content\/uploads\/2016\/04\/IMG_0447-744x992.jpg\" alt=\"Furnishing the information and kiosk\" width=\"744\" height=\"992\" class=\"alignnone size-medium wp-image-2196\" srcset=\"https:\/\/vammencamping.dk\/wp-content\/uploads\/2016\/04\/IMG_0447-744x992.jpg 744w, https:\/\/vammencamping.dk\/wp-content\/uploads\/2016\/04\/IMG_0447-420x560.jpg 420w, https:\/\/vammencamping.dk\/wp-content\/uploads\/2016\/04\/IMG_0447-768x1024.jpg 768w, https:\/\/vammencamping.dk\/wp-content\/uploads\/2016\/04\/IMG_0447-1200x1600.jpg 1200w\" sizes=\"auto, (max-width: 744px) 100vw, 744px\" \/><\/a><\/p>\n<p><a href=\"http:\/\/vammencamping.dk\/wp-content\/uploads\/2016\/04\/DSC_0029.jpg\"><img loading=\"lazy\" decoding=\"async\" src=\"http:\/\/vammencamping.dk\/wp-content\/uploads\/2016\/04\/DSC_0029-744x496.jpg\" alt=\"The information and kiosk\" width=\"744\" height=\"496\" class=\"alignnone size-medium wp-image-2188\" srcset=\"https:\/\/vammencamping.dk\/wp-content\/uploads\/2016\/04\/DSC_0029-744x496.jpg 744w, https:\/\/vammencamping.dk\/wp-content\/uploads\/2016\/04\/DSC_0029-420x280.jpg 420w, https:\/\/vammencamping.dk\/wp-content\/uploads\/2016\/04\/DSC_0029-768x512.jpg 768w, https:\/\/vammencamping.dk\/wp-content\/uploads\/2016\/04\/DSC_0029-1200x800.jpg 1200w\" sizes=\"auto, (max-width: 744px) 100vw, 744px\" \/><\/a><\/p>\n<p><a href=\"http:\/\/vammencamping.dk\/wp-content\/uploads\/2016\/04\/DSC_0033.jpg\"><img loading=\"lazy\" decoding=\"async\" src=\"http:\/\/vammencamping.dk\/wp-content\/uploads\/2016\/04\/DSC_0033-744x496.jpg\" alt=\"Beautiful water color paintings in the kiosk\" width=\"744\" height=\"496\" class=\"alignnone size-medium wp-image-2189\" srcset=\"https:\/\/vammencamping.dk\/wp-content\/uploads\/2016\/04\/DSC_0033-744x496.jpg 744w, https:\/\/vammencamping.dk\/wp-content\/uploads\/2016\/04\/DSC_0033-420x280.jpg 420w, https:\/\/vammencamping.dk\/wp-content\/uploads\/2016\/04\/DSC_0033-768x512.jpg 768w, https:\/\/vammencamping.dk\/wp-content\/uploads\/2016\/04\/DSC_0033-1200x800.jpg 1200w\" sizes=\"auto, (max-width: 744px) 100vw, 744px\" \/><\/a><\/p>\n<p><a href=\"http:\/\/vammencamping.dk\/wp-content\/uploads\/2016\/04\/IMG_0770-e1461004111429.jpeg\"><img loading=\"lazy\" decoding=\"async\" src=\"http:\/\/vammencamping.dk\/wp-content\/uploads\/2016\/04\/IMG_0770-e1461004111429-744x992.jpeg\" alt=\"Wifi-improvements\" width=\"744\" height=\"992\" class=\"alignnone size-medium wp-image-2193\" srcset=\"https:\/\/vammencamping.dk\/wp-content\/uploads\/2016\/04\/IMG_0770-e1461004111429-744x992.jpeg 744w, https:\/\/vammencamping.dk\/wp-content\/uploads\/2016\/04\/IMG_0770-e1461004111429-420x560.jpeg 420w, https:\/\/vammencamping.dk\/wp-content\/uploads\/2016\/04\/IMG_0770-e1461004111429-768x1024.jpeg 768w, https:\/\/vammencamping.dk\/wp-content\/uploads\/2016\/04\/IMG_0770-e1461004111429-1200x1600.jpeg 1200w\" sizes=\"auto, (max-width: 744px) 100vw, 744px\" \/><\/a><\/p>\n<p><a href=\"http:\/\/vammencamping.dk\/wp-content\/uploads\/2016\/04\/IMG_0331_cropped.jpg\"><img loading=\"lazy\" decoding=\"async\" src=\"http:\/\/vammencamping.dk\/wp-content\/uploads\/2016\/04\/IMG_0331_cropped-744x566.jpg\" alt=\"Spring view of the camp site at sunset.\" width=\"744\" height=\"566\" class=\"alignnone size-medium wp-image-2190\" srcset=\"https:\/\/vammencamping.dk\/wp-content\/uploads\/2016\/04\/IMG_0331_cropped-744x566.jpg 744w, https:\/\/vammencamping.dk\/wp-content\/uploads\/2016\/04\/IMG_0331_cropped-420x319.jpg 420w, https:\/\/vammencamping.dk\/wp-content\/uploads\/2016\/04\/IMG_0331_cropped-768x584.jpg 768w, https:\/\/vammencamping.dk\/wp-content\/uploads\/2016\/04\/IMG_0331_cropped-1200x913.jpg 1200w\" sizes=\"auto, (max-width: 744px) 100vw, 744px\" \/><\/a><\/p>\n<p><a href=\"http:\/\/vammencamping.dk\/wp-content\/uploads\/2016\/04\/DSC_0015.jpg\"><img loading=\"lazy\" decoding=\"async\" src=\"http:\/\/vammencamping.dk\/wp-content\/uploads\/2016\/04\/DSC_0015-744x496.jpg\" alt=\"Swans on the lake\" width=\"744\" height=\"496\" class=\"alignnone size-medium wp-image-2187\" srcset=\"https:\/\/vammencamping.dk\/wp-content\/uploads\/2016\/04\/DSC_0015-744x496.jpg 744w, https:\/\/vammencamping.dk\/wp-content\/uploads\/2016\/04\/DSC_0015-420x280.jpg 420w, https:\/\/vammencamping.dk\/wp-content\/uploads\/2016\/04\/DSC_0015-768x512.jpg 768w, https:\/\/vammencamping.dk\/wp-content\/uploads\/2016\/04\/DSC_0015-1200x800.jpg 1200w\" sizes=\"auto, (max-width: 744px) 100vw, 744px\" \/><\/a><\/p>\n","protected":false},"excerpt":{"rendered":"<p>Die Natur \u00fcberrascht uns. Dieses Fr\u00fchjahr haben wir Abends und Nachts mehrere hunderte sch\u00f6ne Schw\u00e4ne gehabt auf dem See direkt vor dem Campingplatz. Wir haben u.a. Unsere Information und Laden neu eingerichtet und antikke Lampen und Aquarelzeichnungen vom Campingplatz aufgeh\u00e4ngt. Wifi ist erweitert z.B. Bei der Sauna und im Pavillon. Jetzt k\u00f6nnt Ihr in einer &#8230; <a class=\"read-more\" href=\"https:\/\/vammencamping.dk\/de\/vorbereitung-fuer-die-saison-2016\/\">Read more&#8230;<\/a><\/p>\n","protected":false},"author":1,"featured_media":0,"comment_status":"closed","ping_status":"closed","sticky":false,"template":"","format":"standard","meta":{"footnotes":""},"categories":[34],"tags":[],"class_list":["post-3236","post","type-post","status-publish","format-standard","hentry","category-unkategorisiert"],"featured_image_src":null,"author_info":{"display_name":"admin","author_link":"https:\/\/vammencamping.dk\/de\/author\/admin\/"},"_links":{"self":[{"href":"https:\/\/vammencamping.dk\/de\/wp-json\/wp\/v2\/posts\/3236","targetHints":{"allow":["GET"]}}],"collection":[{"href":"https:\/\/vammencamping.dk\/de\/wp-json\/wp\/v2\/posts"}],"about":[{"href":"https:\/\/vammencamping.dk\/de\/wp-json\/wp\/v2\/types\/post"}],"author":[{"embeddable":true,"href":"https:\/\/vammencamping.dk\/de\/wp-json\/wp\/v2\/users\/1"}],"replies":[{"embeddable":true,"href":"https:\/\/vammencamping.dk\/de\/wp-json\/wp\/v2\/comments?post=3236"}],"version-history":[{"count":1,"href":"https:\/\/vammencamping.dk\/de\/wp-json\/wp\/v2\/posts\/3236\/revisions"}],"predecessor-version":[{"id":3238,"href":"https:\/\/vammencamping.dk\/de\/wp-json\/wp\/v2\/posts\/3236\/revisions\/3238"}],"wp:attachment":[{"href":"https:\/\/vammencamping.dk\/de\/wp-json\/wp\/v2\/media?parent=3236"}],"wp:term":[{"taxonomy":"category","embeddable":true,"href":"https:\/\/vammencamping.dk\/de\/wp-json\/wp\/v2\/categories?post=3236"},{"taxonomy":"post_tag","embeddable":true,"href":"https:\/\/vammencamping.dk\/de\/wp-json\/wp\/v2\/tags?post=3236"}],"curies":[{"name":"wp","href":"https:\/\/api.w.org\/{rel}","templated":true}]}}